{"id":1023,"date":"2025-08-15T10:01:22","date_gmt":"2025-08-15T13:01:22","guid":{"rendered":"https:\/\/aapra.org.ar\/?p=1023"},"modified":"2025-08-15T10:15:45","modified_gmt":"2025-08-15T13:15:45","slug":"desde-la-asociacion-de-arqueologos-profesionales-de-la-republica-argentina-adherimos-al-comunicado-del-raicyt","status":"publish","type":"post","link":"https:\/\/aapra.org.ar\/?p=1023","title":{"rendered":"Desde la Asociaci\u00f3n de Arque\u00f3logos Profesionales de la Rep\u00fablica Argentina, adherimos al comunicado del RAICYT"},"content":{"rendered":"\n<p><strong>ESTADO DE ALERTA<\/strong><\/p>\n\n\n\n<p>En el d\u00eda de hoy se ha publicado en el Bolet\u00edn Oficial de la Rep\u00fablica Argentina el Decreto 447\/2025 por el cual se <strong>cambia la estructura del Comit\u00e9 Directivo de la Agencia Nacional de Promoci\u00f3n de la Investigaci\u00f3n, el Desarrollo Tecnol\u00f3gico y la Innovaci\u00f3n<\/strong>, que pasar\u00e1 a estar integrado por un presidente y dos directores, elegidos por el Poder Ejecutivo Nacional. Luego de m\u00e1s de un a\u00f1o y medio de gesti\u00f3n inexistente y de haber paralizado todas las l\u00edneas de financiamiento de la Agencia (FONTAR, FONARSEC, FONCyT) y vaciado su estructura, <strong>el Poder Ejecutivo instrumenta este cambio en su gobernanza, perdiendo la misma pluralidad y car\u00e1cter federal, al solo efecto de vetar la incorporaci\u00f3n de voces disonantes en la estructura directiva de un organismo vaciado<\/strong>, que ha reducido en m\u00e1s del 90% su financiamiento efectivo.<\/p>\n\n\n\n<p><br>En el \u00e1rea de la <strong>Secretar\u00eda de Innovaci\u00f3n, Ciencia y Tecnolog\u00eda de Argentina, a cargo del licenciado Dar\u00edo Genua<\/strong>, observamos no solo la <strong>desaparici\u00f3n de programas emblem\u00e1ticos como \u201cConstruir Ciencia\u201d y \u201cEquipar Ciencia\u201d<\/strong>, sino tambi\u00e9n <strong>manifiestos actos de discriminaci\u00f3n y censura<\/strong>, como lo demuestra el hecho de haberles negado a los dos \u201cProyectos de Redes Federales de Alto Impacto\u201d, presentados por investigadores del \u00e1rea de Ciencias Sociales, el financiamiento comprometido para su segundo a\u00f1o de trabajo, tal como fuera denunciado en una nota elevada a las autoridades con la firma de los 23 directores y subdirectores de todos los proyectos financiados originalmente.<\/p>\n\n\n\n<p><strong>Adem\u00e1s, en las \u00faltimas semanas ha tomado fuerza la versi\u00f3n de un nuevo decreto a trav\u00e9s del cual se cambiar\u00e1 la gobernanza del CONICET, con el fin de silenciar voces que contin\u00faan bregando por un desarrollo cient\u00edfico como palanca imprescindible para una Argentina con futuro.<\/strong> Ser\u00eda grav\u00edsimo que esto se concretara. <strong>Convocamos a todos los miembros del sistema cient\u00edfico a estar alertas frente a esta posibilidad<\/strong> que, de consumarse, representar\u00eda un golpe dur\u00edsimo a nuestro querido CONICET, instituci\u00f3n que, pese a los embates, contin\u00faa ocupando el primer lugar en Am\u00e9rica del Sur en cuanto a producci\u00f3n cient\u00edfica y tecnol\u00f3gica.<\/p>\n\n\n\n<p><br>Mientras tanto, el ingreso a las Carreras del Investigador Cient\u00edfico (CIC) y Personal de Apoyo (CPA) en el CONICET contin\u00faan absolutamente cerradas y el deterioro salarial da cuenta de m\u00e1s de un 35% de p\u00e9rdida en el poder adquisitivo de nuestros salarios desde el cambio de gobierno. <strong>Hoy asistimos a un \u00e9xodo masivo y creciente de investigadores j\u00f3venes. Estamos perdiendo una generaci\u00f3n de cient\u00edficos y asistimos en consecuencia a la desaparici\u00f3n de numerosos grupos de investigaci\u00f3n a lo largo y ancho del pa\u00eds.<\/strong><\/p>\n\n\n\n<p>No podemos ser indiferentes ante esta situaci\u00f3n. Sigamos trabajando en conjunto todos lo que estamos convencidos de que debemos sostener y defender nuestro sistema cient\u00edfico-tecnol\u00f3gico nacional. <strong>Esto es lo \u00fanico que nos garantiza un futuro promisorio para nuestro pa\u00eds. Manteng\u00e1monos en estado de alerta. Vamos a necesitar de todos\/as para frenar el cientificidio en curso.<\/strong><\/p>\n\n\n\n<p>Coordinaci\u00f3n RAICYT<\/p>\n\n\n\n<figure class=\"wp-block-image size-full\"><img fetchpriority=\"high\" decoding=\"async\" width=\"569\" height=\"807\" src=\"https:\/\/aapra.org.ar\/wp-content\/uploads\/2025\/08\/Comunicado-RAICYT.jpg\" alt=\"\" class=\"wp-image-1024\" srcset=\"https:\/\/aapra.org.ar\/wp-content\/uploads\/2025\/08\/Comunicado-RAICYT.jpg 569w, https:\/\/aapra.org.ar\/wp-content\/uploads\/2025\/08\/Comunicado-RAICYT-212x300.jpg 212w, https:\/\/aapra.org.ar\/wp-content\/uploads\/2025\/08\/Comunicado-RAICYT-300x425.jpg 300w\" sizes=\"(max-width: 569px) 100vw, 569px\" \/><\/figure>\n","protected":false},"excerpt":{"rendered":"<p>ESTADO DE ALERTA En el d\u00eda de hoy se ha publicado en el Bolet\u00edn Oficial de la Rep\u00fablica Argentina el Decreto 447\/2025 por el cual se cambia la estructura del Comit\u00e9 Directivo de la Agencia Nacional de Promoci\u00f3n de la Investigaci\u00f3n, el Desarrollo Tecnol\u00f3gico y la Innovaci\u00f3n, que pasar\u00e1 a estar integrado por un presidente&#8230;<\/p>\n","protected":false},"author":1,"featured_media":1027,"comment_status":"open","ping_status":"open","sticky":false,"template":"","format":"standard","meta":{"footnotes":""},"categories":[24],"tags":[23],"class_list":["post-1023","post","type-post","status-publish","format-standard","has-post-thumbnail","hentry","category-comunicados","tag-comunicados"],"_links":{"self":[{"href":"https:\/\/aapra.org.ar\/index.php?rest_route=\/wp\/v2\/posts\/1023","targetHints":{"allow":["GET"]}}],"collection":[{"href":"https:\/\/aapra.org.ar\/index.php?rest_route=\/wp\/v2\/posts"}],"about":[{"href":"https:\/\/aapra.org.ar\/index.php?rest_route=\/wp\/v2\/types\/post"}],"author":[{"embeddable":true,"href":"https:\/\/aapra.org.ar\/index.php?rest_route=\/wp\/v2\/users\/1"}],"replies":[{"embeddable":true,"href":"https:\/\/aapra.org.ar\/index.php?rest_route=%2Fwp%2Fv2%2Fcomments&post=1023"}],"version-history":[{"count":3,"href":"https:\/\/aapra.org.ar\/index.php?rest_route=\/wp\/v2\/posts\/1023\/revisions"}],"predecessor-version":[{"id":1032,"href":"https:\/\/aapra.org.ar\/index.php?rest_route=\/wp\/v2\/posts\/1023\/revisions\/1032"}],"wp:featuredmedia":[{"embeddable":true,"href":"https:\/\/aapra.org.ar\/index.php?rest_route=\/wp\/v2\/media\/1027"}],"wp:attachment":[{"href":"https:\/\/aapra.org.ar\/index.php?rest_route=%2Fwp%2Fv2%2Fmedia&parent=1023"}],"wp:term":[{"taxonomy":"category","embeddable":true,"href":"https:\/\/aapra.org.ar\/index.php?rest_route=%2Fwp%2Fv2%2Fcategories&post=1023"},{"taxonomy":"post_tag","embeddable":true,"href":"https:\/\/aapra.org.ar\/index.php?rest_route=%2Fwp%2Fv2%2Ftags&post=1023"}],"curies":[{"name":"wp","href":"https:\/\/api.w.org\/{rel}","templated":true}]}}