{"id":1038,"date":"2025-08-15T10:37:41","date_gmt":"2025-08-15T13:37:41","guid":{"rendered":"https:\/\/aapra.org.ar\/?p=1038"},"modified":"2025-08-15T10:37:43","modified_gmt":"2025-08-15T13:37:43","slug":"9-de-julio-independencia-argentina","status":"publish","type":"post","link":"https:\/\/aapra.org.ar\/?p=1038","title":{"rendered":"9 de Julio. Independencia Argentina"},"content":{"rendered":"\n<p>A partir de la conformaci\u00f3n del primer gobierno patrio se di\u00f3 inicio a una larga batalla por la independencia. Internamente se dirim\u00edan dificultades econ\u00f3micas, falta de consenso para organizar el futuro nuevo pa\u00eds y una fuerte resistencia de los ej\u00e9rcitos realistas. Externamente, Espa\u00f1a se hab\u00eda liberado de Francia, el rey Fernando VII estaba nuevamente en el trono y buscada recuperar todos los territorios americanos en manos de los revolucionarios.<\/p>\n\n\n\n<p>Si bien, parte de los movimientos independentistas americanos estaban siendo derrotados por los avances del ej\u00e9rcito realista, el proceso independentista segu\u00eda avanzando. En 1815, luego de la destituci\u00f3n de Alvear como Director Supremo, \u00c1lvarez Thomas, electo director interino; invit\u00f3 a las provincias a realizar la elecci\u00f3n de diputados en Tucum\u00e1n. Entre las pretensiones se encontraba &#8220;declarar la absoluta independencia de Espa\u00f1a y de sus reyes&#8221;.<\/p>\n\n\n\n<p>El 24 de marzo de 1816 se inaugur\u00f3 el Congreso en Tucum\u00e1n. Como presidente provisional fue electo Pedro Medrano. Mientras San Mart\u00edn ped\u00eda por terminar con el v\u00ednculo colonial, una comisi\u00f3n de diputados, integrada por Gasc\u00f3n, S\u00e1nchez de Bustamante y Serrano, establec\u00edan como primer punto votar por la libertad e independencia de las Provincias Unidas.<\/p>\n\n\n\n<p>En el acta de cita: \u201cNos los representantes de las Provincias Unidas en Sud Am\u00e9rica, reunidos en Congreso General, (&#8230;) declaramos solemnemente a la faz de la tierra que, es voluntad un\u00e1nime e indudable de estas provincias romper los violentos v\u00ednculos que las ligaban a los reyes de Espa\u00f1a, recuperar los derechos de que fueron despojadas, e investirse del alto car\u00e1cter de una naci\u00f3n libre e independiente del rey Fernando VII, sus sucesores y metr\u00f3poli (&#8230;)&#8221;<\/p>\n\n\n\n<p>Desde la Asociaci\u00f3n de Arque\u00f3logos Profesionales de la Rep\u00fablica Argentina, celebramos un a\u00f1o m\u00e1s de nuestra independencia y reafirmamos la lucha por sostener la Soberan\u00eda Nacional. En tiempos turbulentos como los que vivimos, es nuestro deseo alcanzar alg\u00fan d\u00eda una descolonizaci\u00f3n total de las naciones opresoras que viven de la explotaci\u00f3n de los pueblos americanos.<\/p>\n","protected":false},"excerpt":{"rendered":"<p>A partir de la conformaci\u00f3n del primer gobierno patrio se di\u00f3 inicio a una larga batalla por la independencia. Internamente se dirim\u00edan dificultades econ\u00f3micas, falta de consenso para organizar el futuro nuevo pa\u00eds y una fuerte resistencia de los ej\u00e9rcitos realistas. Externamente, Espa\u00f1a se hab\u00eda liberado de Francia, el rey Fernando VII estaba nuevamente en&#8230;<\/p>\n","protected":false},"author":1,"featured_media":1039,"comment_status":"open","ping_status":"open","sticky":false,"template":"","format":"standard","meta":{"footnotes":""},"categories":[6],"tags":[],"class_list":["post-1038","post","type-post","status-publish","format-standard","has-post-thumbnail","hentry","category-blog"],"_links":{"self":[{"href":"https:\/\/aapra.org.ar\/index.php?rest_route=\/wp\/v2\/posts\/1038","targetHints":{"allow":["GET"]}}],"collection":[{"href":"https:\/\/aapra.org.ar\/index.php?rest_route=\/wp\/v2\/posts"}],"about":[{"href":"https:\/\/aapra.org.ar\/index.php?rest_route=\/wp\/v2\/types\/post"}],"author":[{"embeddable":true,"href":"https:\/\/aapra.org.ar\/index.php?rest_route=\/wp\/v2\/users\/1"}],"replies":[{"embeddable":true,"href":"https:\/\/aapra.org.ar\/index.php?rest_route=%2Fwp%2Fv2%2Fcomments&post=1038"}],"version-history":[{"count":1,"href":"https:\/\/aapra.org.ar\/index.php?rest_route=\/wp\/v2\/posts\/1038\/revisions"}],"predecessor-version":[{"id":1040,"href":"https:\/\/aapra.org.ar\/index.php?rest_route=\/wp\/v2\/posts\/1038\/revisions\/1040"}],"wp:featuredmedia":[{"embeddable":true,"href":"https:\/\/aapra.org.ar\/index.php?rest_route=\/wp\/v2\/media\/1039"}],"wp:attachment":[{"href":"https:\/\/aapra.org.ar\/index.php?rest_route=%2Fwp%2Fv2%2Fmedia&parent=1038"}],"wp:term":[{"taxonomy":"category","embeddable":true,"href":"https:\/\/aapra.org.ar\/index.php?rest_route=%2Fwp%2Fv2%2Fcategories&post=1038"},{"taxonomy":"post_tag","embeddable":true,"href":"https:\/\/aapra.org.ar\/index.php?rest_route=%2Fwp%2Fv2%2Ftags&post=1038"}],"curies":[{"name":"wp","href":"https:\/\/api.w.org\/{rel}","templated":true}]}}