{"id":1041,"date":"2025-08-15T10:43:38","date_gmt":"2025-08-15T13:43:38","guid":{"rendered":"https:\/\/aapra.org.ar\/?p=1041"},"modified":"2025-08-15T10:43:39","modified_gmt":"2025-08-15T13:43:39","slug":"apoyo-a-las-y-los-trabajadores-del-hospital-garrahan","status":"publish","type":"post","link":"https:\/\/aapra.org.ar\/?p=1041","title":{"rendered":"Apoyo a las y los trabajadores del Hospital Garrahan"},"content":{"rendered":"\n<p>Desde la Asociaci\u00f3n de Arque\u00f3logos Profesionales de la Rep\u00fablica Argentina, apoyamos los reclamos y la movilizaci\u00f3n convocada para el d\u00eda de ma\u00f1ana 17 de julio en repudio a las pol\u00edticas econ\u00f3micas regresivas contra los m\u00e9dicos y residentes del hospital Garrahan.<\/p>\n\n\n\n<p>C\u00f3mo profesionales que nos desempe\u00f1amos en el \u00e1mbito p\u00fablico, consideramos que el Estado debe ser garante de la vida de todos sus ciudadanos y principalmente cuando se trata de la salud de nuestras infancias.<\/p>\n\n\n\n<p>Sobre este tema no debe haber especulaci\u00f3n ni desfinanciamiento, sino inversi\u00f3n que permita mejorar d\u00eda a d\u00eda las condiciones de vida de quienes cuidan y salvan a nuestros ni\u00f1os y ni\u00f1as, as\u00ed como tambi\u00e9n sobre los equipamientos y el desarrollo de tratamientos que mejoren la calidad de vida de aquellos que m\u00e1s lo necesitan.<\/p>\n","protected":false},"excerpt":{"rendered":"<p>Desde la Asociaci\u00f3n de Arque\u00f3logos Profesionales de la Rep\u00fablica Argentina, apoyamos los reclamos y la movilizaci\u00f3n convocada para el d\u00eda de ma\u00f1ana 17 de julio en repudio a las pol\u00edticas econ\u00f3micas regresivas contra los m\u00e9dicos y residentes del hospital Garrahan. C\u00f3mo profesionales que nos desempe\u00f1amos en el \u00e1mbito p\u00fablico, consideramos que el Estado debe ser&#8230;<\/p>\n","protected":false},"author":1,"featured_media":1042,"comment_status":"open","ping_status":"open","sticky":false,"template":"","format":"standard","meta":{"footnotes":""},"categories":[24],"tags":[23],"class_list":["post-1041","post","type-post","status-publish","format-standard","has-post-thumbnail","hentry","category-comunicados","tag-comunicados"],"_links":{"self":[{"href":"https:\/\/aapra.org.ar\/index.php?rest_route=\/wp\/v2\/posts\/1041","targetHints":{"allow":["GET"]}}],"collection":[{"href":"https:\/\/aapra.org.ar\/index.php?rest_route=\/wp\/v2\/posts"}],"about":[{"href":"https:\/\/aapra.org.ar\/index.php?rest_route=\/wp\/v2\/types\/post"}],"author":[{"embeddable":true,"href":"https:\/\/aapra.org.ar\/index.php?rest_route=\/wp\/v2\/users\/1"}],"replies":[{"embeddable":true,"href":"https:\/\/aapra.org.ar\/index.php?rest_route=%2Fwp%2Fv2%2Fcomments&post=1041"}],"version-history":[{"count":1,"href":"https:\/\/aapra.org.ar\/index.php?rest_route=\/wp\/v2\/posts\/1041\/revisions"}],"predecessor-version":[{"id":1043,"href":"https:\/\/aapra.org.ar\/index.php?rest_route=\/wp\/v2\/posts\/1041\/revisions\/1043"}],"wp:featuredmedia":[{"embeddable":true,"href":"https:\/\/aapra.org.ar\/index.php?rest_route=\/wp\/v2\/media\/1042"}],"wp:attachment":[{"href":"https:\/\/aapra.org.ar\/index.php?rest_route=%2Fwp%2Fv2%2Fmedia&parent=1041"}],"wp:term":[{"taxonomy":"category","embeddable":true,"href":"https:\/\/aapra.org.ar\/index.php?rest_route=%2Fwp%2Fv2%2Fcategories&post=1041"},{"taxonomy":"post_tag","embeddable":true,"href":"https:\/\/aapra.org.ar\/index.php?rest_route=%2Fwp%2Fv2%2Ftags&post=1041"}],"curies":[{"name":"wp","href":"https:\/\/api.w.org\/{rel}","templated":true}]}}