{"id":726,"date":"2024-07-19T19:35:37","date_gmt":"2024-07-19T22:35:37","guid":{"rendered":"https:\/\/aapra.org.ar\/?p=726"},"modified":"2024-07-19T19:35:37","modified_gmt":"2024-07-19T22:35:37","slug":"a-100-anos-de-la-masacre-de-napalpi-hacemos-memoria","status":"publish","type":"post","link":"https:\/\/aapra.org.ar\/?p=726","title":{"rendered":"A 100 a\u00f1os de la Masacre de Napalp\u00ed, hacemos memoria"},"content":{"rendered":"\n<p>Desde un avi\u00f3n militar -contratado por los terratenientes de la zona- se arrojaban caramelos y comida para que los ni\u00f1os salgan del lugar donde se escond\u00edan en el monte y as\u00ed ubicar a sus padres para luego masacrarlos.<\/p>\n\n\n\n<p>Unos 130 uniformados, criollos, civiles y estancieros algodoneros de capitales extranjeros descargaron 5000 balas de fusil contra mujeres, hombres, ni\u00f1os y ancianos de Pueblos Originarios de lo que entonces se conoc\u00eda como Territorio Nacional del Chaco. Despu\u00e9s de la balacera, los blancos arremetieron con machetes y persiguieron por d\u00edas a los sobrevivientes.<\/p>\n\n\n\n<p>Las familias originarias reclamaban mejores condiciones laborales y que se les permitiera trabajar en los ingenios de Salta y Jujuy. Pero la orden del gobernador Fernando Centeno, nombrado por el presidente Marcelo Torcuato de Alvear de la Uni\u00f3n C\u00edvica Radical (UCR), fue negar la salida de la \u201creducci\u00f3n\u201d y la obligatoriedad del trabajo en condiciones de esclavitud en la zafra de algod\u00f3n. Los trabajadores persistieron en sus reclamos y el gobernador orden\u00f3 la represi\u00f3n.<\/p>\n\n\n\n<p>La violencia a los sobrevivientes continu\u00f3 por d\u00e9cadas: se oblig\u00f3 a callar a los que pudieron esconderse de los estancieros blancos y la Historiograf\u00eda oficial ocult\u00f3 estos hechos de los discursos de la constituci\u00f3n de nuestra Naci\u00f3n.<\/p>\n\n\n\n<p>Gracias a las memorias orales y a partir de los relatos de la matanza, <a href=\"https:\/\/youtu.be\/5kogEKzsA6E\" data-type=\"link\" data-id=\"https:\/\/youtu.be\/5kogEKzsA6E\" target=\"_blank\" rel=\"noreferrer noopener nofollow\">la Justicia argentina reconoci\u00f3, en estos \u00faltimos a\u00f1os, como cr\u00edmenes de lesa humanidad<\/a> en el marco del genocidio ind\u00edgena a estos hechos.<\/p>\n\n\n\n<p>As\u00ed, en m\u00faltiples instancias judiciales, se orden\u00f3 al Estado un resarcimiento econ\u00f3mico. En 2022, la Gobernaci\u00f3n de Chaco y el Estado nacional pidieron perd\u00f3n por la Masacre de Napalp\u00ed.<\/p>\n\n\n\n<p>Hoy, a cien a\u00f1os de la matanza, honramos la memoria de las v\u00edctimas de la codicia terrateniente, tambi\u00e9n de los trabajadores en condiciones de esclavitud en explotaciones agropecuarias, de los que ven expoliados los recursos naturales en manos de potencias extranjeras, de los que son corridos de sus tierras por causas econ\u00f3micas y laborales, y de los olvidados de la Historia y de los relatos oficiales.<\/p>\n","protected":false},"excerpt":{"rendered":"<p>El 19 de julio de 1924  Gendarmer\u00eda y Polic\u00eda, con la ayuda de un avi\u00f3n militar, asesinaron a m\u00e1s de 400 personas de los pueblos Qom y Mocov\u00ed. Desde la AAPRA conmemoramos uno de los d\u00edas m\u00e1s oscuros del genocidio ind\u00edgena durante el siglo XX.<\/p>\n","protected":false},"author":1,"featured_media":727,"comment_status":"closed","ping_status":"open","sticky":false,"template":"","format":"standard","meta":{"footnotes":""},"categories":[16,24],"tags":[23],"class_list":["post-726","post","type-post","status-publish","format-standard","has-post-thumbnail","hentry","category-ciencia","category-comunicados","tag-comunicados"],"_links":{"self":[{"href":"https:\/\/aapra.org.ar\/index.php?rest_route=\/wp\/v2\/posts\/726","targetHints":{"allow":["GET"]}}],"collection":[{"href":"https:\/\/aapra.org.ar\/index.php?rest_route=\/wp\/v2\/posts"}],"about":[{"href":"https:\/\/aapra.org.ar\/index.php?rest_route=\/wp\/v2\/types\/post"}],"author":[{"embeddable":true,"href":"https:\/\/aapra.org.ar\/index.php?rest_route=\/wp\/v2\/users\/1"}],"replies":[{"embeddable":true,"href":"https:\/\/aapra.org.ar\/index.php?rest_route=%2Fwp%2Fv2%2Fcomments&post=726"}],"version-history":[{"count":2,"href":"https:\/\/aapra.org.ar\/index.php?rest_route=\/wp\/v2\/posts\/726\/revisions"}],"predecessor-version":[{"id":729,"href":"https:\/\/aapra.org.ar\/index.php?rest_route=\/wp\/v2\/posts\/726\/revisions\/729"}],"wp:featuredmedia":[{"embeddable":true,"href":"https:\/\/aapra.org.ar\/index.php?rest_route=\/wp\/v2\/media\/727"}],"wp:attachment":[{"href":"https:\/\/aapra.org.ar\/index.php?rest_route=%2Fwp%2Fv2%2Fmedia&parent=726"}],"wp:term":[{"taxonomy":"category","embeddable":true,"href":"https:\/\/aapra.org.ar\/index.php?rest_route=%2Fwp%2Fv2%2Fcategories&post=726"},{"taxonomy":"post_tag","embeddable":true,"href":"https:\/\/aapra.org.ar\/index.php?rest_route=%2Fwp%2Fv2%2Ftags&post=726"}],"curies":[{"name":"wp","href":"https:\/\/api.w.org\/{rel}","templated":true}]}}