{"id":944,"date":"2025-06-27T11:17:00","date_gmt":"2025-06-27T14:17:00","guid":{"rendered":"https:\/\/aapra.org.ar\/?p=944"},"modified":"2025-06-27T23:19:07","modified_gmt":"2025-06-28T02:19:07","slug":"asociaciones-cientificas-de-antropologia-y-arqueologia-se-manifiestan-sobre-la-obstaculizacion-de-la-carrera-de-investigador-de-conicet","status":"publish","type":"post","link":"https:\/\/aapra.org.ar\/?p=944","title":{"rendered":"Asociaciones cient\u00edficas de Antropolog\u00eda y Arqueolog\u00eda se manifiestan sobre la obstaculizaci\u00f3n de la carrera de investigador de CONICET"},"content":{"rendered":"\n<p>La Asociaci\u00f3n de Antropolog\u00eda Biol\u00f3gica Argentina (AABA), la Sociedad Argentina de Antropolog\u00eda (SAA), la Asociaci\u00f3n de Arque\u00f3logos Profesionales de la Rep\u00fablica Argentina (AAPRA) y el Colegio de Graduados en Antropolog\u00eda de la Rep\u00fablica Argentina (CGA) expresan su profunda preocupaci\u00f3n y en\u00e9rgico repudio ante el uso de criterios subjetivos por parte del presidente del CONICET, Dr. Daniel Salamone, con el objetivo de obstaculizar la solicitud de reconsideraci\u00f3n para la promoci\u00f3n de un investigador de reconocida trayectoria en la Carrera del Investigador Cient\u00edfico y Tecnol\u00f3gico.<\/p>\n\n\n\n<p>Seg\u00fan consta en el Acta N\u00ba 640 de la reuni\u00f3n del 12 de marzo de 2025 del Directorio del CONICET \u2014de acceso p\u00fablico\u2014, el Dr. Salamone sostuvo que la promoci\u00f3n no deb\u00eda otorgarse en funci\u00f3n del \u201ccomportamiento \u00e9tico\u201d del investigador, a quien vincul\u00f3 con una manifestaci\u00f3n realizada por trabajadores del CCT CONICET-CENPAT durante su visita institucional. El presidente consider\u00f3 este hecho como motivo suficiente para poner en duda la idoneidad del investigador, subordinando el m\u00e9rito acad\u00e9mico a valoraciones de car\u00e1cter personal.<\/p>\n\n\n\n<p>Gracias a la intervenci\u00f3n del Directorio, que defendi\u00f3 la legalidad y la transparencia del procedimiento, la solicitud de reconsideraci\u00f3n fue aceptada y la promoci\u00f3n finalmente otorgada, a pesar de la oposici\u00f3n de su presidente. No obstante, lo sucedido sienta un grav\u00edsimo precedente para la autonom\u00eda del sistema cient\u00edfico nacional, especialmente en el actual contexto de reconfiguraci\u00f3n institucional. Las expresiones del presidente durante la reuni\u00f3n de Directorio no solo representan una amenaza directa a quienes participaron de aquella protesta, sino que env\u00edan un preocupante mensaje de amedrentamiento hacia quienes se atrevan a expresar su disconformidad frente al desfinanciamiento de nuestro sector.<\/p>\n\n\n\n<p>Por todo ello, las asociaciones firmantes, comprometidas con la libertad de expresi\u00f3n y el derecho a manifestarse que fueron conquistados tras una dolorosa historia, expresamos nuestro m\u00e1s firme rechazo a cualquier forma de persecuci\u00f3n ideol\u00f3gica en el \u00e1mbito acad\u00e9mico y cient\u00edfico.<\/p>\n\n\n\n<p>Reafirmamos nuestro compromiso con una ciencia p\u00fablica, libre y plural, evaluada seg\u00fan criterios acad\u00e9micos objetivos y protegida frente a cualquier intento de disciplinamiento pol\u00edtico.<\/p>\n\n\n\n<p class=\"has-text-align-right\">Asociaci\u00f3n de Antropolog\u00eda Biol\u00f3gica Argentina,<\/p>\n\n\n\n<p class=\"has-text-align-right\">Sociedad Argentina de Antropolog\u00eda,<\/p>\n\n\n\n<p class=\"has-text-align-right\">Asociaci\u00f3n de Arque\u00f3logos Profesionales de la Rep\u00fablica Argentina,<\/p>\n\n\n\n<p class=\"has-text-align-right\">Colegio de Graduados en Antropolog\u00eda de la Rep\u00fablica Argentina<\/p>\n\n\n\n<p class=\"has-text-align-right\">Junio de 2025<\/p>\n\n\n\n<p><\/p>\n","protected":false},"excerpt":{"rendered":"<p>El presidente de CONICET, Dr. Daniel Salamone,, no reconsidera la promoci\u00f3n de un investigador de reconocida trayectoria en la Carrera del Investigador Cient\u00edfico y Tecnol\u00f3gico.<\/p>\n","protected":false},"author":1,"featured_media":945,"comment_status":"closed","ping_status":"open","sticky":false,"template":"","format":"standard","meta":{"footnotes":""},"categories":[16,24],"tags":[14,23,22],"class_list":["post-944","post","type-post","status-publish","format-standard","has-post-thumbnail","hentry","category-ciencia","category-comunicados","tag-ciencia","tag-comunicados","tag-practicaarqueologica"],"_links":{"self":[{"href":"https:\/\/aapra.org.ar\/index.php?rest_route=\/wp\/v2\/posts\/944","targetHints":{"allow":["GET"]}}],"collection":[{"href":"https:\/\/aapra.org.ar\/index.php?rest_route=\/wp\/v2\/posts"}],"about":[{"href":"https:\/\/aapra.org.ar\/index.php?rest_route=\/wp\/v2\/types\/post"}],"author":[{"embeddable":true,"href":"https:\/\/aapra.org.ar\/index.php?rest_route=\/wp\/v2\/users\/1"}],"replies":[{"embeddable":true,"href":"https:\/\/aapra.org.ar\/index.php?rest_route=%2Fwp%2Fv2%2Fcomments&post=944"}],"version-history":[{"count":2,"href":"https:\/\/aapra.org.ar\/index.php?rest_route=\/wp\/v2\/posts\/944\/revisions"}],"predecessor-version":[{"id":947,"href":"https:\/\/aapra.org.ar\/index.php?rest_route=\/wp\/v2\/posts\/944\/revisions\/947"}],"wp:featuredmedia":[{"embeddable":true,"href":"https:\/\/aapra.org.ar\/index.php?rest_route=\/wp\/v2\/media\/945"}],"wp:attachment":[{"href":"https:\/\/aapra.org.ar\/index.php?rest_route=%2Fwp%2Fv2%2Fmedia&parent=944"}],"wp:term":[{"taxonomy":"category","embeddable":true,"href":"https:\/\/aapra.org.ar\/index.php?rest_route=%2Fwp%2Fv2%2Fcategories&post=944"},{"taxonomy":"post_tag","embeddable":true,"href":"https:\/\/aapra.org.ar\/index.php?rest_route=%2Fwp%2Fv2%2Ftags&post=944"}],"curies":[{"name":"wp","href":"https:\/\/api.w.org\/{rel}","templated":true}]}}