{"id":955,"date":"2025-05-01T12:01:00","date_gmt":"2025-05-01T15:01:00","guid":{"rendered":"https:\/\/aapra.org.ar\/?p=955"},"modified":"2025-07-01T12:09:34","modified_gmt":"2025-07-01T15:09:34","slug":"dia-internacional-del-trabajador","status":"publish","type":"post","link":"https:\/\/aapra.org.ar\/?p=955","title":{"rendered":"D\u00eda Internacional del Trabajador"},"content":{"rendered":"\n<p>Desde la Asociaci\u00f3n de Arque\u00f3logos Profesionales de la Rep\u00fablica Argentina homenajeamos la lucha obrera que marc\u00f3 un antes y un despu\u00e9s en la vida de los trabajadores.<\/p>\n\n\n\n<p>Cada 1\u00b0 de mayo se conmemora el D\u00eda Internacional del Trabajador, en homenaje a los trabajadores anarquistas conocidos como los &#8220;M\u00e1rtires de Chicago&#8221; que fueron ejecutados en 1886 por reclamar una jornada laboral de ocho horas. En ese entonces, los due\u00f1os de los medios de producci\u00f3n exig\u00edan el cumplimiento de 16 horas diarias sin descanso semanal.<\/p>\n\n\n\n<p>En un confuso episodio, el 4 de mayo de 1886, durante una revuelta obrera reprimida en Haymarket Square, Chicago, explot\u00f3 una bomba que mat\u00f3 a un polic\u00eda e hiri\u00f3 a otros. Ese suceso pas\u00f3 a ser conocido como la &#8220;Masacre o revuelta de Haymarket&#8221;.<\/p>\n\n\n\n<p>Un mes despu\u00e9s inici\u00f3 el juicio contra 31 obreros considerados responsables, y se culp\u00f3 a ocho de ellos. Tres fueron condenados a cadena perpetua e indultados en 1893 por el gobernador de Illinois. Los cinco restantes fueron condenados a la horca.<\/p>\n\n\n\n<p>A cuatro se los ejecut\u00f3 un a\u00f1o despu\u00e9s, y el m\u00e1s joven se suicid\u00f3 en su celda.<\/p>\n\n\n\n<p>A\u00f1os m\u00e1s tarde, el juicio fue considerado una farsa, realizado sin el debido proceso e impulsado por la prensa amarilla. No se pudo probar nada contra los acusados.<\/p>\n\n\n\n<p>Hoy, momento de retroceso de los Derechos Laborales, reducci\u00f3n de salarios, p\u00e9rdida de puestos laborales, aumento de la informalidad, &#8220;uberizaci\u00f3n&#8221; del trabajo, aumento de la pobreza e indigencia y todo esto acompa\u00f1ado de una creciente represi\u00f3n policial, reivindicamos la lucha de los Obreros de Chicago y de todos los que lucharon y luchan por una justa distribuci\u00f3n de los ingresos y derechos de los trabajadores.<\/p>\n","protected":false},"excerpt":{"rendered":"<p>Reivindicamos la lucha de los Obreros de Chicago y de todos los que lucharon y luchan por una justa distribuci\u00f3n de los ingresos y derechos de los trabajadores.<\/p>\n","protected":false},"author":1,"featured_media":956,"comment_status":"closed","ping_status":"open","sticky":false,"template":"","format":"standard","meta":{"footnotes":""},"categories":[6,24],"tags":[23],"class_list":["post-955","post","type-post","status-publish","format-standard","has-post-thumbnail","hentry","category-blog","category-comunicados","tag-comunicados"],"_links":{"self":[{"href":"https:\/\/aapra.org.ar\/index.php?rest_route=\/wp\/v2\/posts\/955","targetHints":{"allow":["GET"]}}],"collection":[{"href":"https:\/\/aapra.org.ar\/index.php?rest_route=\/wp\/v2\/posts"}],"about":[{"href":"https:\/\/aapra.org.ar\/index.php?rest_route=\/wp\/v2\/types\/post"}],"author":[{"embeddable":true,"href":"https:\/\/aapra.org.ar\/index.php?rest_route=\/wp\/v2\/users\/1"}],"replies":[{"embeddable":true,"href":"https:\/\/aapra.org.ar\/index.php?rest_route=%2Fwp%2Fv2%2Fcomments&post=955"}],"version-history":[{"count":1,"href":"https:\/\/aapra.org.ar\/index.php?rest_route=\/wp\/v2\/posts\/955\/revisions"}],"predecessor-version":[{"id":957,"href":"https:\/\/aapra.org.ar\/index.php?rest_route=\/wp\/v2\/posts\/955\/revisions\/957"}],"wp:featuredmedia":[{"embeddable":true,"href":"https:\/\/aapra.org.ar\/index.php?rest_route=\/wp\/v2\/media\/956"}],"wp:attachment":[{"href":"https:\/\/aapra.org.ar\/index.php?rest_route=%2Fwp%2Fv2%2Fmedia&parent=955"}],"wp:term":[{"taxonomy":"category","embeddable":true,"href":"https:\/\/aapra.org.ar\/index.php?rest_route=%2Fwp%2Fv2%2Fcategories&post=955"},{"taxonomy":"post_tag","embeddable":true,"href":"https:\/\/aapra.org.ar\/index.php?rest_route=%2Fwp%2Fv2%2Ftags&post=955"}],"curies":[{"name":"wp","href":"https:\/\/api.w.org\/{rel}","templated":true}]}}